{"id":7919,"date":"2025-02-10T14:12:36","date_gmt":"2025-02-10T12:12:36","guid":{"rendered":"https:\/\/sevensun.design\/?p=7919"},"modified":"2025-02-10T14:22:02","modified_gmt":"2025-02-10T12:22:02","slug":"spende-einer-pergola-an-den-kulturverein-von-lastros-sitia","status":"publish","type":"post","link":"https:\/\/sevensun.design\/de\/spende-einer-pergola-an-den-kulturverein-von-lastros-sitia\/","title":{"rendered":"Spende einer Pergola an den Kulturverein von Lastros, Sitia"},"content":{"rendered":"<div class=\"fusion-fullwidth fullwidth-box fusion-builder-row-1 fusion-flex-container nonhundred-percent-fullwidth non-hundred-percent-height-scrolling\" style=\"background-color: #f7eded;background-position: center center;background-repeat: no-repeat;border-width: 0px 0px 0px 0px;border-color:#eae9e9;border-style:solid;\" ><div class=\"fusion-builder-row fusion-row fusion-flex-align-items-flex-start\" style=\"max-width:1320.8px;margin-left: calc(-4% \/ 2 );margin-right: calc(-4% \/ 2 );\"><div class=\"fusion-layout-column fusion_builder_column fusion-builder-column-0 fusion_builder_column_2_3 2_3 fusion-flex-column\"><div class=\"fusion-column-wrapper fusion-flex-justify-content-flex-start fusion-content-layout-column\" style=\"background-position:left top;background-repeat:no-repeat;-webkit-background-size:cover;-moz-background-size:cover;-o-background-size:cover;background-size:cover;padding: 0px 0px 0px 0px;\"><div class=\"fusion-text fusion-text-1\"><h2 class=\"p2\">Spende einer Pergola an den Kulturverein von Lastros, Sitia<\/h2>\n<\/div><div style=\"text-align:left;\"><span class=\" fusion-imageframe imageframe-none imageframe-1 hover-type-none fusion-animated\" style=\"width:100%;max-width:1200px;\" data-animationType=\"slideInLeft\" data-animationDuration=\"0.3\" data-animationOffset=\"100%\"><img width=\"800\" height=\"797\" alt=\"vertisun\" title=\"vertisun-home\" src=\"https:\/\/sevensun.design\/wp-content\/uploads\/2025\/02\/vertisun-home.jpg\" class=\"img-responsive wp-image-7939\" srcset=\"https:\/\/sevensun.design\/wp-content\/uploads\/2025\/02\/vertisun-home-200x199.jpg 200w, https:\/\/sevensun.design\/wp-content\/uploads\/2025\/02\/vertisun-home-400x399.jpg 400w, https:\/\/sevensun.design\/wp-content\/uploads\/2025\/02\/vertisun-home-600x598.jpg 600w, https:\/\/sevensun.design\/wp-content\/uploads\/2025\/02\/vertisun-home.jpg 800w\" sizes=\"(max-width: 1024px) 100vw, (max-width: 480px) 100vw, 800px\" \/><\/span><\/div><div class=\"fusion-text fusion-text-2\"><h2 class=\"p2\"><\/h2>\n<\/div><div class=\"fusion-text fusion-text-3\"><p class=\"p1\"><span class=\"s1\">Bei <b>Sevensun<\/b> ist die Verbundenheit mit unseren Wurzeln ein zentraler Bestandteil unserer Philosophie. Mit gro\u00dfer Freude und Emotion haben wir dem <b>Kulturverein Lastros \u201eDie Renaissance\u201c<\/b> in <b>Lastros, Sitia, Kreta<\/b>, eine <b>neue Pergola<\/b> gespendet \u2013 zum Gedenken an <b>Michalis Mixelakis<\/b>.<\/span><\/p>\n<p class=\"p1\"><span class=\"s1\">Diese Spende ist nicht nur eine \u00e4sthetische Aufwertung, sondern ein <b>wertvoller Treffpunkt f\u00fcr Veranstaltungen<\/b> der lokalen Gemeinschaft. Die Pergola bietet Schatten und Schutz und schafft einen idealen Raum f\u00fcr <b>kulturelle, soziale und gemeinschaftliche Aktivit\u00e4ten<\/b> das ganze Jahr \u00fcber.<\/span><\/p>\n<p class=\"p1\"><span class=\"s1\">Die Anerkennung und der herzliche Dankesbrief des Kulturvereins erf\u00fcllen uns mit Stolz. Zur F\u00f6rderung und Bewahrung unseres kulturellen Erbes beizutragen, ist f\u00fcr uns eine <b>Ehre und Verpflichtung<\/b> zugleich.<\/span><\/p>\n<p class=\"p1\"><span class=\"s1\"><b>Wir vergessen nie, woher wir kommen \u2013 genau deshalb gehen wir jeden Tag voran.<\/b><\/span><\/p>\n<p class=\"p1\"><span class=\"s1\"><b>Dankschreiben f\u00fcr Sponsoring<\/b><\/span><\/p>\n<\/div><div ><span class=\" fusion-imageframe imageframe-none imageframe-2 hover-type-none\"><img width=\"1280\" height=\"1812\" title=\"\u0394\u03a9\u03a1\u0395\u0391 \u039b\u0391\u03a3\u03a4\u03a1\u039f\u03a3\" src=\"https:\/\/sevensun.design\/wp-content\/uploads\/2025\/02\/\u0394\u03a9\u03a1\u0395\u0391-\u039b\u0391\u03a3\u03a4\u03a1\u039f\u03a3.jpg\" class=\"img-responsive wp-image-7925\" srcset=\"https:\/\/sevensun.design\/wp-content\/uploads\/2025\/02\/\u0394\u03a9\u03a1\u0395\u0391-\u039b\u0391\u03a3\u03a4\u03a1\u039f\u03a3-200x283.jpg 200w, https:\/\/sevensun.design\/wp-content\/uploads\/2025\/02\/\u0394\u03a9\u03a1\u0395\u0391-\u039b\u0391\u03a3\u03a4\u03a1\u039f\u03a3-400x566.jpg 400w, https:\/\/sevensun.design\/wp-content\/uploads\/2025\/02\/\u0394\u03a9\u03a1\u0395\u0391-\u039b\u0391\u03a3\u03a4\u03a1\u039f\u03a3-600x849.jpg 600w, https:\/\/sevensun.design\/wp-content\/uploads\/2025\/02\/\u0394\u03a9\u03a1\u0395\u0391-\u039b\u0391\u03a3\u03a4\u03a1\u039f\u03a3-800x1133.jpg 800w, https:\/\/sevensun.design\/wp-content\/uploads\/2025\/02\/\u0394\u03a9\u03a1\u0395\u0391-\u039b\u0391\u03a3\u03a4\u03a1\u039f\u03a3-1200x1699.jpg 1200w, https:\/\/sevensun.design\/wp-content\/uploads\/2025\/02\/\u0394\u03a9\u03a1\u0395\u0391-\u039b\u0391\u03a3\u03a4\u03a1\u039f\u03a3.jpg 1280w\" sizes=\"(max-width: 1024px) 100vw, (max-width: 480px) 100vw, 1200px\" \/><\/span><\/div><div class=\"fusion-text fusion-text-4\"><p class=\"p1\"><span class=\"s1\">Sehr geehrte Frau Michelakis,<\/span><\/p>\n<p class=\"p1\"><span class=\"s1\">Mit gro\u00dfer Freude und tiefer R\u00fchrung schreiben wir Ihnen, um unsere herzlichste Dankbarkeit f\u00fcr Ihre gro\u00dfz\u00fcgige Spende der Pergola an unseren Verein auszudr\u00fccken, <b>zum Gedenken an Ihren gesch\u00e4tzten Vater, Michalis Michelakis<\/b>.<\/span><\/p>\n<p class=\"p1\"><span class=\"s1\">Ihre Gro\u00dfz\u00fcgigkeit war f\u00fcr uns von unsch\u00e4tzbarem Wert. Die neue Pergola ist nicht nur eine <b>\u00e4sthetische Aufwertung<\/b> unseres Bereichs, sondern auch eine bedeutende Bereicherung, die unsere Aktivit\u00e4ten unterst\u00fctzt. Sie bietet Schatten und Schutz und schafft damit einen idealen Raum f\u00fcr <b>Treffen, Veranstaltungen und andere gemeinschaftliche Aktivit\u00e4ten<\/b> im Laufe des Jahres. Dar\u00fcber hinaus wird die Pergola als <b>zentraler Treffpunkt<\/b> f\u00fcr unsere Mitglieder dienen und die Kommunikation sowie die Zusammenarbeit f\u00f6rdern.<\/span><\/p>\n<p class=\"p1\"><span class=\"s1\">Ihre Unterst\u00fctzung ist f\u00fcr uns von gro\u00dfer Bedeutung, da sie uns die M\u00f6glichkeit gibt, unsere Aktivit\u00e4ten <b>weiterzuf\u00fchren und auszubauen<\/b>. Ihre Spende ist ein Beweis f\u00fcr Ihr Vertrauen in den Zweck und die Mission unseres Vereins. Ihr Engagement und Ihre Gro\u00dfz\u00fcgigkeit inspirieren uns, mit noch mehr <b>Eifer und Hingabe<\/b> zu arbeiten.<\/span><\/p>\n<p class=\"p1\"><span class=\"s1\">Gerne m\u00f6chten wir Sie zu einer <b>kleinen Einweihungsfeier<\/b> der neuen Pergola einladen, bei der wir Ihnen pers\u00f6nlich unsere Dankbarkeit ausdr\u00fccken und Ihnen die Ergebnisse Ihrer Spende pr\u00e4sentieren k\u00f6nnen. Es w\u00e4re uns eine gro\u00dfe Freude, Sie bei uns zu haben und gemeinsam diese wertvolle Bereicherung unseres Ortes zu feiern.<\/span><\/p>\n<p class=\"p1\"><span class=\"s1\">Wir danken Ihnen von Herzen f\u00fcr Ihre <b>Unterst\u00fctzung und Gro\u00dfz\u00fcgigkeit<\/b>. Ihr Beitrag ist ein <b>bedeutendes Kapitel in der Geschichte unseres Vereins<\/b> und wird f\u00fcr immer in unserer Erinnerung bleiben.<\/span><\/p>\n<p class=\"p1\"><span class=\"s1\">Mit herzlichem Dank und gro\u00dfer Wertsch\u00e4tzung,<\/span><\/p>\n<p class=\"p1\"><span class=\"s1\"><b>Der Vorsitzende<\/b><br \/>\nEmmanouil Konstantourakis<\/span><\/p>\n<\/div><\/div><\/div><style type=\"text\/css\">.fusion-body .fusion-builder-column-0{width:66.666666666667% !important;margin-top : 0px;margin-bottom : 0px;}.fusion-builder-column-0 > .fusion-column-wrapper {padding-top : 0px !important;padding-right : 0px !important;margin-right : 2.88%;padding-bottom : 0px !important;padding-left : 0px !important;margin-left : 2.88%;}@media only screen and (max-width:1024px) {.fusion-body .fusion-builder-column-0{width:100% !important;}.fusion-builder-column-0 > .fusion-column-wrapper {margin-right : 1.92%;margin-left : 1.92%;}}@media only screen and (max-width:480px) {.fusion-body .fusion-builder-column-0{width:100% !important;}.fusion-builder-column-0 > .fusion-column-wrapper {margin-right : 1.92%;margin-left : 1.92%;}}<\/style><\/div><style type=\"text\/css\">.fusion-body .fusion-flex-container.fusion-builder-row-1{ padding-top : 20px;margin-top : 0px;padding-right : 0px;padding-bottom : 20px;margin-bottom : 0px;padding-left : 0px;}<\/style><\/div>\n","protected":false},"excerpt":{"rendered":"","protected":false},"author":1,"featured_media":7954,"comment_status":"open","ping_status":"open","sticky":false,"template":"","format":"standard","meta":[],"categories":[71],"tags":[],"yoast_head":"<!-- This site is optimized with the Yoast SEO plugin v16.0.2 - https:\/\/yoast.com\/wordpress\/plugins\/seo\/ -->\n<title>Spende einer Pergola an den Kulturverein von Lastros, Sitia | SEVENSUN<\/title>\n<meta name=\"robots\" content=\"index, follow, max-snippet:-1, max-image-preview:large, max-video-preview:-1\" \/>\n<link rel=\"canonical\" href=\"https:\/\/sevensun.design\/de\/spende-einer-pergola-an-den-kulturverein-von-lastros-sitia\/\" \/>\n<meta property=\"og:locale\" content=\"de_DE\" \/>\n<meta property=\"og:type\" content=\"article\" \/>\n<meta property=\"og:title\" content=\"Spende einer Pergola an den Kulturverein von Lastros, Sitia | SEVENSUN\" \/>\n<meta property=\"og:url\" content=\"https:\/\/sevensun.design\/de\/spende-einer-pergola-an-den-kulturverein-von-lastros-sitia\/\" \/>\n<meta property=\"og:site_name\" content=\"SEVENSUN\" \/>\n<meta property=\"article:publisher\" content=\"https:\/\/www.facebook.com\/7Sevensun\/\" \/>\n<meta property=\"article:published_time\" content=\"2025-02-10T12:12:36+00:00\" \/>\n<meta property=\"article:modified_time\" content=\"2025-02-10T12:22:02+00:00\" \/>\n<meta property=\"og:image\" content=\"https:\/\/sevensun.design\/wp-content\/uploads\/2025\/02\/pergola-home.jpg\" \/>\n\t<meta property=\"og:image:width\" content=\"657\" \/>\n\t<meta property=\"og:image:height\" content=\"495\" \/>\n<meta name=\"twitter:card\" content=\"summary_large_image\" \/>\n<meta name=\"twitter:label1\" content=\"Gesch\u00e4tzte Lesezeit\">\n\t<meta name=\"twitter:data1\" content=\"2\u00a0Minuten\">\n<script type=\"application\/ld+json\" class=\"yoast-schema-graph\">{\"@context\":\"https:\/\/schema.org\",\"@graph\":[{\"@type\":\"Organization\",\"@id\":\"https:\/\/sevensun.design\/#organization\",\"name\":\"SEVENSUN\",\"url\":\"https:\/\/sevensun.design\/\",\"sameAs\":[\"https:\/\/www.facebook.com\/7Sevensun\/\",\"https:\/\/www.linkedin.com\/in\/sevensun-design-b203351b1\/?originalSubdomain=gr\",\"https:\/\/www.youtube.com\/channel\/UCY9MdVEZzULA-0s7qnT_2nw\"],\"logo\":{\"@type\":\"ImageObject\",\"@id\":\"https:\/\/sevensun.design\/#logo\",\"inLanguage\":\"de\",\"url\":\"https:\/\/sevensun.design\/wp-content\/uploads\/2020\/09\/logo9.png\",\"width\":400,\"height\":55,\"caption\":\"SEVENSUN\"},\"image\":{\"@id\":\"https:\/\/sevensun.design\/#logo\"}},{\"@type\":\"WebSite\",\"@id\":\"https:\/\/sevensun.design\/#website\",\"url\":\"https:\/\/sevensun.design\/\",\"name\":\"SEVENSUN\",\"description\":\"100% Hellenic shade\",\"publisher\":{\"@id\":\"https:\/\/sevensun.design\/#organization\"},\"potentialAction\":[{\"@type\":\"SearchAction\",\"target\":\"https:\/\/sevensun.design\/?s={search_term_string}\",\"query-input\":\"required name=search_term_string\"}],\"inLanguage\":\"de\"},{\"@type\":\"ImageObject\",\"@id\":\"https:\/\/sevensun.design\/de\/spende-einer-pergola-an-den-kulturverein-von-lastros-sitia\/#primaryimage\",\"inLanguage\":\"de\",\"url\":\"https:\/\/sevensun.design\/wp-content\/uploads\/2025\/02\/pergola-home.jpg\",\"width\":657,\"height\":495,\"caption\":\"pergola\"},{\"@type\":\"WebPage\",\"@id\":\"https:\/\/sevensun.design\/de\/spende-einer-pergola-an-den-kulturverein-von-lastros-sitia\/#webpage\",\"url\":\"https:\/\/sevensun.design\/de\/spende-einer-pergola-an-den-kulturverein-von-lastros-sitia\/\",\"name\":\"Spende einer Pergola an den Kulturverein von Lastros, Sitia | SEVENSUN\",\"isPartOf\":{\"@id\":\"https:\/\/sevensun.design\/#website\"},\"primaryImageOfPage\":{\"@id\":\"https:\/\/sevensun.design\/de\/spende-einer-pergola-an-den-kulturverein-von-lastros-sitia\/#primaryimage\"},\"datePublished\":\"2025-02-10T12:12:36+00:00\",\"dateModified\":\"2025-02-10T12:22:02+00:00\",\"breadcrumb\":{\"@id\":\"https:\/\/sevensun.design\/de\/spende-einer-pergola-an-den-kulturverein-von-lastros-sitia\/#breadcrumb\"},\"inLanguage\":\"de\",\"potentialAction\":[{\"@type\":\"ReadAction\",\"target\":[\"https:\/\/sevensun.design\/de\/spende-einer-pergola-an-den-kulturverein-von-lastros-sitia\/\"]}]},{\"@type\":\"BreadcrumbList\",\"@id\":\"https:\/\/sevensun.design\/de\/spende-einer-pergola-an-den-kulturverein-von-lastros-sitia\/#breadcrumb\",\"itemListElement\":[{\"@type\":\"ListItem\",\"position\":1,\"item\":{\"@type\":\"WebPage\",\"@id\":\"https:\/\/sevensun.design\/de\/\",\"url\":\"https:\/\/sevensun.design\/de\/\",\"name\":\"Home\"}},{\"@type\":\"ListItem\",\"position\":2,\"item\":{\"@type\":\"WebPage\",\"@id\":\"https:\/\/sevensun.design\/de\/spende-einer-pergola-an-den-kulturverein-von-lastros-sitia\/\",\"url\":\"https:\/\/sevensun.design\/de\/spende-einer-pergola-an-den-kulturverein-von-lastros-sitia\/\",\"name\":\"Spende einer Pergola an den Kulturverein von Lastros, Sitia\"}}]},{\"@type\":\"Article\",\"@id\":\"https:\/\/sevensun.design\/de\/spende-einer-pergola-an-den-kulturverein-von-lastros-sitia\/#article\",\"isPartOf\":{\"@id\":\"https:\/\/sevensun.design\/de\/spende-einer-pergola-an-den-kulturverein-von-lastros-sitia\/#webpage\"},\"author\":{\"@id\":\"https:\/\/sevensun.design\/#\/schema\/person\/10e11f0a02fecff5233986fd951b32f8\"},\"headline\":\"Spende einer Pergola an den Kulturverein von Lastros, Sitia\",\"datePublished\":\"2025-02-10T12:12:36+00:00\",\"dateModified\":\"2025-02-10T12:22:02+00:00\",\"mainEntityOfPage\":{\"@id\":\"https:\/\/sevensun.design\/de\/spende-einer-pergola-an-den-kulturverein-von-lastros-sitia\/#webpage\"},\"commentCount\":0,\"publisher\":{\"@id\":\"https:\/\/sevensun.design\/#organization\"},\"image\":{\"@id\":\"https:\/\/sevensun.design\/de\/spende-einer-pergola-an-den-kulturverein-von-lastros-sitia\/#primaryimage\"},\"articleSection\":\"News\",\"inLanguage\":\"de\",\"potentialAction\":[{\"@type\":\"CommentAction\",\"name\":\"Comment\",\"target\":[\"https:\/\/sevensun.design\/de\/spende-einer-pergola-an-den-kulturverein-von-lastros-sitia\/#respond\"]}]},{\"@type\":\"Person\",\"@id\":\"https:\/\/sevensun.design\/#\/schema\/person\/10e11f0a02fecff5233986fd951b32f8\",\"name\":\"sevensun.admin\",\"image\":{\"@type\":\"ImageObject\",\"@id\":\"https:\/\/sevensun.design\/#personlogo\",\"inLanguage\":\"de\",\"url\":\"https:\/\/secure.gravatar.com\/avatar\/9cd572a2c25fc8ae4a81efa9fe0cce80?s=96&d=mm&r=g\",\"caption\":\"sevensun.admin\"},\"sameAs\":[\"https:\/\/sevensun.design\"]}]}<\/script>\n<!-- \/ Yoast SEO plugin. -->","_links":{"self":[{"href":"https:\/\/sevensun.design\/de\/wp-json\/wp\/v2\/posts\/7919"}],"collection":[{"href":"https:\/\/sevensun.design\/de\/wp-json\/wp\/v2\/posts"}],"about":[{"href":"https:\/\/sevensun.design\/de\/wp-json\/wp\/v2\/types\/post"}],"author":[{"embeddable":true,"href":"https:\/\/sevensun.design\/de\/wp-json\/wp\/v2\/users\/1"}],"replies":[{"embeddable":true,"href":"https:\/\/sevensun.design\/de\/wp-json\/wp\/v2\/comments?post=7919"}],"version-history":[{"count":5,"href":"https:\/\/sevensun.design\/de\/wp-json\/wp\/v2\/posts\/7919\/revisions"}],"predecessor-version":[{"id":7961,"href":"https:\/\/sevensun.design\/de\/wp-json\/wp\/v2\/posts\/7919\/revisions\/7961"}],"wp:featuredmedia":[{"embeddable":true,"href":"https:\/\/sevensun.design\/de\/wp-json\/wp\/v2\/media\/7954"}],"wp:attachment":[{"href":"https:\/\/sevensun.design\/de\/wp-json\/wp\/v2\/media?parent=7919"}],"wp:term":[{"taxonomy":"category","embeddable":true,"href":"https:\/\/sevensun.design\/de\/wp-json\/wp\/v2\/categories?post=7919"},{"taxonomy":"post_tag","embeddable":true,"href":"https:\/\/sevensun.design\/de\/wp-json\/wp\/v2\/tags?post=7919"}],"curies":[{"name":"wp","href":"https:\/\/api.w.org\/{rel}","templated":true}]}}