{"id":7009,"date":"2024-02-28T09:27:32","date_gmt":"2024-02-28T09:27:32","guid":{"rendered":"https:\/\/sevensun.design\/rt\/"},"modified":"2024-04-20T18:12:03","modified_gmt":"2024-04-20T18:12:03","slug":"rt","status":"publish","type":"post","link":"https:\/\/sevensun.design\/de\/rt\/","title":{"rendered":"R+T Stuttgart Messe 2024"},"content":{"rendered":"<div class=\"fusion-fullwidth fullwidth-box fusion-builder-row-1 fusion-flex-container nonhundred-percent-fullwidth non-hundred-percent-height-scrolling\" style=\"background-color: #f7eded;background-position: center center;background-repeat: no-repeat;border-width: 0px 0px 0px 0px;border-color:#eae9e9;border-style:solid;\" ><div class=\"fusion-builder-row fusion-row fusion-flex-align-items-flex-start\" style=\"max-width:1320.8px;margin-left: calc(-4% \/ 2 );margin-right: calc(-4% \/ 2 );\"><div class=\"fusion-layout-column fusion_builder_column fusion-builder-column-0 fusion_builder_column_2_3 2_3 fusion-flex-column\"><div class=\"fusion-column-wrapper fusion-flex-justify-content-flex-start fusion-content-layout-column\" style=\"background-position:left top;background-repeat:no-repeat;-webkit-background-size:cover;-moz-background-size:cover;-o-background-size:cover;background-size:cover;padding: 0px 0px 0px 0px;\"><div class=\"fusion-text fusion-text-1\"><h2 class=\"p2\">Gro\u00dfer Erfolg auf der Stuttgarter R+T-Messe!<\/h2>\n<\/div><div style=\"text-align:left;\"><span class=\" fusion-imageframe imageframe-none imageframe-1 hover-type-none fusion-animated\" style=\"width:100%;max-width:1200px;\" data-animationType=\"fadeInLeft\" data-animationDuration=\"0.3\" data-animationOffset=\"100%\"><img width=\"800\" height=\"600\" title=\"R+T-stand\" src=\"https:\/\/sevensun.design\/wp-content\/uploads\/2024\/02\/RT-stand.jpg\" class=\"img-responsive wp-image-6998\" srcset=\"https:\/\/sevensun.design\/wp-content\/uploads\/2024\/02\/RT-stand-200x150.jpg 200w, https:\/\/sevensun.design\/wp-content\/uploads\/2024\/02\/RT-stand-400x300.jpg 400w, https:\/\/sevensun.design\/wp-content\/uploads\/2024\/02\/RT-stand-600x450.jpg 600w, https:\/\/sevensun.design\/wp-content\/uploads\/2024\/02\/RT-stand.jpg 800w\" sizes=\"(max-width: 1024px) 100vw, (max-width: 480px) 100vw, 800px\" \/><\/span><\/div><div class=\"fusion-text fusion-text-2\"><h2 class=\"p2\"><\/h2>\n<\/div><div class=\"fusion-text fusion-text-3\"><h3 class=\"p2\">Vom 19. bis 23. Februar 2024 nahm Sevensun an der R+T Messe in Stuttgart teil, der f\u00fchrenden Messe f\u00fcr die Sonnenschutzbranche. Das Unternehmen pr\u00e4sentierte das Projekt Green policy und sein Engagement f\u00fcr \u00f6kologische Nachhaltigkeit. Au\u00dferdem die offizielle Einf\u00fchrung von 2 neuen Produkten, die das Angebot erweitern und neue L\u00f6sungen f\u00fcr das Leben im Freien bieten:<strong> EOS zip system<\/strong> &amp; <strong>Pergola Aten\u00e0<\/strong>.<\/h3>\n<h3 class=\"p2\"><span style=\"color: #000000;\"><b>\u00a0<\/b><\/span><\/h3>\n<\/div><\/div><\/div><style type=\"text\/css\">.fusion-body .fusion-builder-column-0{width:66.666666666667% !important;margin-top : 0px;margin-bottom : 0px;}.fusion-builder-column-0 > .fusion-column-wrapper {padding-top : 0px !important;padding-right : 0px !important;margin-right : 2.88%;padding-bottom : 0px !important;padding-left : 0px !important;margin-left : 2.88%;}@media only screen and (max-width:1024px) {.fusion-body .fusion-builder-column-0{width:100% !important;}.fusion-builder-column-0 > .fusion-column-wrapper {margin-right : 1.92%;margin-left : 1.92%;}}@media only screen and (max-width:480px) {.fusion-body .fusion-builder-column-0{width:100% !important;}.fusion-builder-column-0 > .fusion-column-wrapper {margin-right : 1.92%;margin-left : 1.92%;}}<\/style><\/div><style type=\"text\/css\">.fusion-body .fusion-flex-container.fusion-builder-row-1{ padding-top : 20px;margin-top : 0px;padding-right : 0px;padding-bottom : 20px;margin-bottom : 0px;padding-left : 0px;}<\/style><\/div>\n","protected":false},"excerpt":{"rendered":"","protected":false},"author":1,"featured_media":6999,"comment_status":"open","ping_status":"open","sticky":false,"template":"","format":"standard","meta":[],"categories":[71],"tags":[],"yoast_head":"<!-- This site is optimized with the Yoast SEO plugin v16.0.2 - https:\/\/yoast.com\/wordpress\/plugins\/seo\/ -->\n<title>R+T Stuttgart Messe 2024 | SEVENSUN<\/title>\n<meta name=\"robots\" content=\"index, follow, max-snippet:-1, max-image-preview:large, max-video-preview:-1\" \/>\n<link rel=\"canonical\" href=\"https:\/\/sevensun.design\/de\/rt\/\" \/>\n<meta property=\"og:locale\" content=\"de_DE\" \/>\n<meta property=\"og:type\" content=\"article\" \/>\n<meta property=\"og:title\" content=\"R+T Stuttgart Messe 2024 | SEVENSUN\" \/>\n<meta property=\"og:url\" content=\"https:\/\/sevensun.design\/de\/rt\/\" \/>\n<meta property=\"og:site_name\" content=\"SEVENSUN\" \/>\n<meta property=\"article:publisher\" content=\"https:\/\/www.facebook.com\/7Sevensun\/\" \/>\n<meta property=\"article:published_time\" content=\"2024-02-28T09:27:32+00:00\" \/>\n<meta property=\"article:modified_time\" content=\"2024-04-20T18:12:03+00:00\" \/>\n<meta property=\"og:image\" content=\"https:\/\/sevensun.design\/wp-content\/uploads\/2024\/02\/rt-cover.jpg\" \/>\n\t<meta property=\"og:image:width\" content=\"657\" \/>\n\t<meta property=\"og:image:height\" content=\"495\" \/>\n<meta name=\"twitter:card\" content=\"summary_large_image\" \/>\n<meta name=\"twitter:label1\" content=\"Gesch\u00e4tzte Lesezeit\">\n\t<meta name=\"twitter:data1\" content=\"2\u00a0Minuten\">\n<script type=\"application\/ld+json\" class=\"yoast-schema-graph\">{\"@context\":\"https:\/\/schema.org\",\"@graph\":[{\"@type\":\"Organization\",\"@id\":\"https:\/\/sevensun.design\/#organization\",\"name\":\"SEVENSUN\",\"url\":\"https:\/\/sevensun.design\/\",\"sameAs\":[\"https:\/\/www.facebook.com\/7Sevensun\/\",\"https:\/\/www.linkedin.com\/in\/sevensun-design-b203351b1\/?originalSubdomain=gr\",\"https:\/\/www.youtube.com\/channel\/UCY9MdVEZzULA-0s7qnT_2nw\"],\"logo\":{\"@type\":\"ImageObject\",\"@id\":\"https:\/\/sevensun.design\/#logo\",\"inLanguage\":\"de\",\"url\":\"https:\/\/sevensun.design\/wp-content\/uploads\/2020\/09\/logo9.png\",\"width\":400,\"height\":55,\"caption\":\"SEVENSUN\"},\"image\":{\"@id\":\"https:\/\/sevensun.design\/#logo\"}},{\"@type\":\"WebSite\",\"@id\":\"https:\/\/sevensun.design\/#website\",\"url\":\"https:\/\/sevensun.design\/\",\"name\":\"SEVENSUN\",\"description\":\"100% Hellenic shade\",\"publisher\":{\"@id\":\"https:\/\/sevensun.design\/#organization\"},\"potentialAction\":[{\"@type\":\"SearchAction\",\"target\":\"https:\/\/sevensun.design\/?s={search_term_string}\",\"query-input\":\"required name=search_term_string\"}],\"inLanguage\":\"de\"},{\"@type\":\"ImageObject\",\"@id\":\"https:\/\/sevensun.design\/de\/rt\/#primaryimage\",\"inLanguage\":\"de\",\"url\":\"https:\/\/sevensun.design\/wp-content\/uploads\/2024\/02\/rt-cover.jpg\",\"width\":657,\"height\":495,\"caption\":\"r+t exhibition\"},{\"@type\":\"WebPage\",\"@id\":\"https:\/\/sevensun.design\/de\/rt\/#webpage\",\"url\":\"https:\/\/sevensun.design\/de\/rt\/\",\"name\":\"R+T Stuttgart Messe 2024 | SEVENSUN\",\"isPartOf\":{\"@id\":\"https:\/\/sevensun.design\/#website\"},\"primaryImageOfPage\":{\"@id\":\"https:\/\/sevensun.design\/de\/rt\/#primaryimage\"},\"datePublished\":\"2024-02-28T09:27:32+00:00\",\"dateModified\":\"2024-04-20T18:12:03+00:00\",\"breadcrumb\":{\"@id\":\"https:\/\/sevensun.design\/de\/rt\/#breadcrumb\"},\"inLanguage\":\"de\",\"potentialAction\":[{\"@type\":\"ReadAction\",\"target\":[\"https:\/\/sevensun.design\/de\/rt\/\"]}]},{\"@type\":\"BreadcrumbList\",\"@id\":\"https:\/\/sevensun.design\/de\/rt\/#breadcrumb\",\"itemListElement\":[{\"@type\":\"ListItem\",\"position\":1,\"item\":{\"@type\":\"WebPage\",\"@id\":\"https:\/\/sevensun.design\/de\/\",\"url\":\"https:\/\/sevensun.design\/de\/\",\"name\":\"Home\"}},{\"@type\":\"ListItem\",\"position\":2,\"item\":{\"@type\":\"WebPage\",\"@id\":\"https:\/\/sevensun.design\/de\/rt\/\",\"url\":\"https:\/\/sevensun.design\/de\/rt\/\",\"name\":\"R+T Stuttgart Messe 2024\"}}]},{\"@type\":\"Article\",\"@id\":\"https:\/\/sevensun.design\/de\/rt\/#article\",\"isPartOf\":{\"@id\":\"https:\/\/sevensun.design\/de\/rt\/#webpage\"},\"author\":{\"@id\":\"https:\/\/sevensun.design\/#\/schema\/person\/10e11f0a02fecff5233986fd951b32f8\"},\"headline\":\"R+T Stuttgart Messe 2024\",\"datePublished\":\"2024-02-28T09:27:32+00:00\",\"dateModified\":\"2024-04-20T18:12:03+00:00\",\"mainEntityOfPage\":{\"@id\":\"https:\/\/sevensun.design\/de\/rt\/#webpage\"},\"commentCount\":0,\"publisher\":{\"@id\":\"https:\/\/sevensun.design\/#organization\"},\"image\":{\"@id\":\"https:\/\/sevensun.design\/de\/rt\/#primaryimage\"},\"articleSection\":\"News\",\"inLanguage\":\"de\",\"potentialAction\":[{\"@type\":\"CommentAction\",\"name\":\"Comment\",\"target\":[\"https:\/\/sevensun.design\/de\/rt\/#respond\"]}]},{\"@type\":\"Person\",\"@id\":\"https:\/\/sevensun.design\/#\/schema\/person\/10e11f0a02fecff5233986fd951b32f8\",\"name\":\"sevensun.admin\",\"image\":{\"@type\":\"ImageObject\",\"@id\":\"https:\/\/sevensun.design\/#personlogo\",\"inLanguage\":\"de\",\"url\":\"https:\/\/secure.gravatar.com\/avatar\/9cd572a2c25fc8ae4a81efa9fe0cce80?s=96&d=mm&r=g\",\"caption\":\"sevensun.admin\"},\"sameAs\":[\"https:\/\/sevensun.design\"]}]}<\/script>\n<!-- \/ Yoast SEO plugin. -->","_links":{"self":[{"href":"https:\/\/sevensun.design\/de\/wp-json\/wp\/v2\/posts\/7009"}],"collection":[{"href":"https:\/\/sevensun.design\/de\/wp-json\/wp\/v2\/posts"}],"about":[{"href":"https:\/\/sevensun.design\/de\/wp-json\/wp\/v2\/types\/post"}],"author":[{"embeddable":true,"href":"https:\/\/sevensun.design\/de\/wp-json\/wp\/v2\/users\/1"}],"replies":[{"embeddable":true,"href":"https:\/\/sevensun.design\/de\/wp-json\/wp\/v2\/comments?post=7009"}],"version-history":[{"count":3,"href":"https:\/\/sevensun.design\/de\/wp-json\/wp\/v2\/posts\/7009\/revisions"}],"predecessor-version":[{"id":7034,"href":"https:\/\/sevensun.design\/de\/wp-json\/wp\/v2\/posts\/7009\/revisions\/7034"}],"wp:featuredmedia":[{"embeddable":true,"href":"https:\/\/sevensun.design\/de\/wp-json\/wp\/v2\/media\/6999"}],"wp:attachment":[{"href":"https:\/\/sevensun.design\/de\/wp-json\/wp\/v2\/media?parent=7009"}],"wp:term":[{"taxonomy":"category","embeddable":true,"href":"https:\/\/sevensun.design\/de\/wp-json\/wp\/v2\/categories?post=7009"},{"taxonomy":"post_tag","embeddable":true,"href":"https:\/\/sevensun.design\/de\/wp-json\/wp\/v2\/tags?post=7009"}],"curies":[{"name":"wp","href":"https:\/\/api.w.org\/{rel}","templated":true}]}}